{"id":489,"date":"2025-03-16T20:16:53","date_gmt":"2025-03-16T20:16:53","guid":{"rendered":"https:\/\/yusufyalniz.com\/?p=489"},"modified":"2025-03-25T19:15:35","modified_gmt":"2025-03-25T19:15:35","slug":"sosyal-belediyecilik","status":"publish","type":"post","link":"https:\/\/yusufyalniz.com\/index.php\/2025\/03\/16\/sosyal-belediyecilik\/","title":{"rendered":"Sosyal Belediyecilik"},"content":{"rendered":"<div class=\"wp-block-image\">\n<figure class=\"aligncenter size-large\"><img decoding=\"async\" width=\"1024\" height=\"576\" src=\"https:\/\/yusufyalniz.com\/wp-content\/uploads\/2025\/03\/sosyal-1-1024x576.png\" alt=\"\" class=\"wp-image-565\" srcset=\"https:\/\/yusufyalniz.com\/wp-content\/uploads\/2025\/03\/sosyal-1-1024x576.png 1024w, https:\/\/yusufyalniz.com\/wp-content\/uploads\/2025\/03\/sosyal-1-300x169.png 300w, https:\/\/yusufyalniz.com\/wp-content\/uploads\/2025\/03\/sosyal-1-768x432.png 768w, https:\/\/yusufyalniz.com\/wp-content\/uploads\/2025\/03\/sosyal-1.png 1200w\" sizes=\"(max-width: 1024px) 100vw, 1024px\" \/><\/figure><\/div>\n\n\n<p><strong>Dr. Yusuf YALNIZ<\/strong><\/p>\n\n\n\n<p>Sosyal belediyecilik anlay\u0131\u015f\u0131, toplumcu belediyecilik ilkesi do\u011frultusunda hareket ederek, toplumun her kesimine e\u015fit ve adaletli bir \u015fekilde hizmet sunmay\u0131 ama\u00e7lar. Bu do\u011frultuda, sosyal belediyecilik, toplumun ihtiya\u00e7lar\u0131n\u0131 kar\u015f\u0131lamak ve sosyal adaleti sa\u011flamak amac\u0131yla belediyelerin y\u00fcr\u00fctt\u00fc\u011f\u00fc bir hizmet alan\u0131d\u0131r. Bu kapsamda, belediyelerin sosyal hizmetler, e\u011fitim, ya\u015fl\u0131 bak\u0131m, gen\u00e7lik, \u00e7ocuklar, madde ba\u011f\u0131ml\u0131lar\u0131, engelliler, g\u00f6\u00e7, sosyal destek, ekonomik destek, psikolojik destek ve sosyal hayata entegrasyon gibi konularda \u00e7al\u0131\u015fmalar y\u00fcr\u00fctmesi \u00f6nem ta\u015f\u0131maktad\u0131r.&nbsp;<\/p>\n\n\n\n<p>Belediyelerin sosyal hizmetler alan\u0131nda y\u00fcr\u00fctt\u00fc\u011f\u00fc \u00e7al\u0131\u015fmalar, toplumun ihtiya\u00e7lar\u0131na duyarl\u0131 ve toplumsal sorunlara \u00e7\u00f6z\u00fcm odakl\u0131 bir yakla\u015f\u0131m benimseyerek, toplumun refah d\u00fczeyini art\u0131rmay\u0131 hedefler. Bu do\u011frultuda y\u00fcr\u00fct\u00fclen projeler ve hizmetler, toplumda sosyal adaletin sa\u011flanmas\u0131na ve her bireyin hak etti\u011fi ya\u015fam kalitesine ula\u015fmas\u0131na katk\u0131 sa\u011flar.<br>Ya\u015fl\u0131 bak\u0131m\u0131 ve gen\u00e7lik hizmetleri gibi konularda da belediyelerin y\u00fcr\u00fctt\u00fc\u011f\u00fc projeler, toplumun ya\u015fl\u0131,engelli ve gen\u00e7 bireylerinin ihtiya\u00e7lar\u0131n\u0131 kar\u015f\u0131lamay\u0131 ve onlar\u0131n sosyal hayata entegrasyonunu sa\u011flamay\u0131 ama\u00e7lar.<\/p>\n","protected":false},"excerpt":{"rendered":"<p>Dr. Yusuf YALNIZ Sosyal belediyecilik anlay\u0131\u015f\u0131, toplumcu belediyecilik ilkesi do\u011frultusunda hareket ederek, toplumun her kesimine e\u015fit ve adaletli bir \u015fekilde hizmet sunmay\u0131 ama\u00e7lar. Bu do\u011frultuda,&hellip;<\/p>\n","protected":false},"author":1,"featured_media":0,"comment_status":"closed","ping_status":"closed","sticky":false,"template":"","format":"standard","meta":{"slim_seo":{"title":"Sosyal Belediyecilik - Dr. Yusuf Yaln\u0131z","description":"Dr. Yusuf YALNIZ Sosyal belediyecilik anlay\u0131\u015f\u0131, toplumcu belediyecilik ilkesi do\u011frultusunda hareket ederek, toplumun her kesimine e\u015fit ve adaletli bir \u015fekilde h"},"footnotes":""},"categories":[13],"tags":[],"class_list":["post-489","post","type-post","status-publish","format-standard","hentry","category-makale"],"featured_image_url":[],"post_author":"admin","assigned_categories":"makale","yoast_head":"<!-- This site is optimized with the Yoast SEO plugin v24.7 - https:\/\/yoast.com\/wordpress\/plugins\/seo\/ -->\n<title>Sosyal Belediyecilik - Dr. Yusuf Yaln\u0131z<\/title>\n<meta name=\"description\" content=\"Dr. Yusuf Yaln\u0131z\" \/>\n<meta name=\"robots\" content=\"index, follow, max-snippet:-1, max-image-preview:large, max-video-preview:-1\" \/>\n<link rel=\"canonical\" href=\"https:\/\/yusufyalniz.com\/index.php\/2025\/03\/16\/sosyal-belediyecilik\/\" \/>\n<meta property=\"og:locale\" content=\"tr_TR\" \/>\n<meta property=\"og:type\" content=\"article\" \/>\n<meta property=\"og:title\" content=\"Sosyal Belediyecilik - Dr. Yusuf Yaln\u0131z\" \/>\n<meta property=\"og:description\" content=\"Dr. Yusuf Yaln\u0131z\" \/>\n<meta property=\"og:url\" content=\"https:\/\/yusufyalniz.com\/index.php\/2025\/03\/16\/sosyal-belediyecilik\/\" \/>\n<meta property=\"og:site_name\" content=\"Dr. Yusuf Yaln\u0131z\" \/>\n<meta property=\"article:published_time\" content=\"2025-03-16T20:16:53+00:00\" \/>\n<meta property=\"article:modified_time\" content=\"2025-03-25T19:15:35+00:00\" \/>\n<meta property=\"og:image\" content=\"https:\/\/yusufyalniz.com\/wp-content\/uploads\/2025\/03\/sosyal-1.png\" \/>\n\t<meta property=\"og:image:width\" content=\"1200\" \/>\n\t<meta property=\"og:image:height\" content=\"675\" \/>\n\t<meta property=\"og:image:type\" content=\"image\/png\" \/>\n<meta name=\"author\" content=\"admin\" \/>\n<meta name=\"twitter:card\" content=\"summary_large_image\" \/>\n<meta name=\"twitter:label1\" content=\"Yazan:\" \/>\n\t<meta name=\"twitter:data1\" content=\"admin\" \/>\n\t<meta name=\"twitter:label2\" content=\"Tahmini okuma s\u00fcresi\" \/>\n\t<meta name=\"twitter:data2\" content=\"2 dakika\" \/>\n<script type=\"application\/ld+json\" class=\"yoast-schema-graph\">{\"@context\":\"https:\/\/schema.org\",\"@graph\":[{\"@type\":\"Article\",\"@id\":\"https:\/\/yusufyalniz.com\/index.php\/2025\/03\/16\/sosyal-belediyecilik\/#article\",\"isPartOf\":{\"@id\":\"https:\/\/yusufyalniz.com\/index.php\/2025\/03\/16\/sosyal-belediyecilik\/\"},\"author\":{\"name\":\"admin\",\"@id\":\"https:\/\/yusufyalniz.com\/#\/schema\/person\/40cef4e5edcfd7bd607d695c4776b35c\"},\"headline\":\"Sosyal Belediyecilik\",\"datePublished\":\"2025-03-16T20:16:53+00:00\",\"dateModified\":\"2025-03-25T19:15:35+00:00\",\"mainEntityOfPage\":{\"@id\":\"https:\/\/yusufyalniz.com\/index.php\/2025\/03\/16\/sosyal-belediyecilik\/\"},\"wordCount\":198,\"publisher\":{\"@id\":\"https:\/\/yusufyalniz.com\/#\/schema\/person\/40cef4e5edcfd7bd607d695c4776b35c\"},\"image\":{\"@id\":\"https:\/\/yusufyalniz.com\/index.php\/2025\/03\/16\/sosyal-belediyecilik\/#primaryimage\"},\"thumbnailUrl\":\"https:\/\/yusufyalniz.com\/wp-content\/uploads\/2025\/03\/sosyal-1-1024x576.png\",\"articleSection\":[\"makale\"],\"inLanguage\":\"tr\"},{\"@type\":\"WebPage\",\"@id\":\"https:\/\/yusufyalniz.com\/index.php\/2025\/03\/16\/sosyal-belediyecilik\/\",\"url\":\"https:\/\/yusufyalniz.com\/index.php\/2025\/03\/16\/sosyal-belediyecilik\/\",\"name\":\"Sosyal Belediyecilik - Dr. Yusuf Yaln\u0131z\",\"isPartOf\":{\"@id\":\"https:\/\/yusufyalniz.com\/#website\"},\"primaryImageOfPage\":{\"@id\":\"https:\/\/yusufyalniz.com\/index.php\/2025\/03\/16\/sosyal-belediyecilik\/#primaryimage\"},\"image\":{\"@id\":\"https:\/\/yusufyalniz.com\/index.php\/2025\/03\/16\/sosyal-belediyecilik\/#primaryimage\"},\"thumbnailUrl\":\"https:\/\/yusufyalniz.com\/wp-content\/uploads\/2025\/03\/sosyal-1-1024x576.png\",\"datePublished\":\"2025-03-16T20:16:53+00:00\",\"dateModified\":\"2025-03-25T19:15:35+00:00\",\"description\":\"Dr. Yusuf Yaln\u0131z\",\"breadcrumb\":{\"@id\":\"https:\/\/yusufyalniz.com\/index.php\/2025\/03\/16\/sosyal-belediyecilik\/#breadcrumb\"},\"inLanguage\":\"tr\",\"potentialAction\":[{\"@type\":\"ReadAction\",\"target\":[\"https:\/\/yusufyalniz.com\/index.php\/2025\/03\/16\/sosyal-belediyecilik\/\"]}]},{\"@type\":\"ImageObject\",\"inLanguage\":\"tr\",\"@id\":\"https:\/\/yusufyalniz.com\/index.php\/2025\/03\/16\/sosyal-belediyecilik\/#primaryimage\",\"url\":\"https:\/\/yusufyalniz.com\/wp-content\/uploads\/2025\/03\/sosyal-1.png\",\"contentUrl\":\"https:\/\/yusufyalniz.com\/wp-content\/uploads\/2025\/03\/sosyal-1.png\",\"width\":1200,\"height\":675},{\"@type\":\"BreadcrumbList\",\"@id\":\"https:\/\/yusufyalniz.com\/index.php\/2025\/03\/16\/sosyal-belediyecilik\/#breadcrumb\",\"itemListElement\":[{\"@type\":\"ListItem\",\"position\":1,\"name\":\"Anasayfa\",\"item\":\"https:\/\/yusufyalniz.com\/\"},{\"@type\":\"ListItem\",\"position\":2,\"name\":\"Sosyal Belediyecilik\"}]},{\"@type\":\"WebSite\",\"@id\":\"https:\/\/yusufyalniz.com\/#website\",\"url\":\"https:\/\/yusufyalniz.com\/\",\"name\":\"Dr. Yusuf Yaln\u0131z\",\"description\":\"Yerel Y\u00f6netim Uzman\u0131\",\"publisher\":{\"@id\":\"https:\/\/yusufyalniz.com\/#\/schema\/person\/40cef4e5edcfd7bd607d695c4776b35c\"},\"alternateName\":\"Yusuf Yaln\u0131z\",\"potentialAction\":[{\"@type\":\"SearchAction\",\"target\":{\"@type\":\"EntryPoint\",\"urlTemplate\":\"https:\/\/yusufyalniz.com\/?s={search_term_string}\"},\"query-input\":{\"@type\":\"PropertyValueSpecification\",\"valueRequired\":true,\"valueName\":\"search_term_string\"}}],\"inLanguage\":\"tr\"},{\"@type\":[\"Person\",\"Organization\"],\"@id\":\"https:\/\/yusufyalniz.com\/#\/schema\/person\/40cef4e5edcfd7bd607d695c4776b35c\",\"name\":\"admin\",\"image\":{\"@type\":\"ImageObject\",\"inLanguage\":\"tr\",\"@id\":\"https:\/\/yusufyalniz.com\/#\/schema\/person\/image\/\",\"url\":\"https:\/\/yusufyalniz.com\/wp-content\/uploads\/2025\/02\/dryusufyalnizlogo-1.png\",\"contentUrl\":\"https:\/\/yusufyalniz.com\/wp-content\/uploads\/2025\/02\/dryusufyalnizlogo-1.png\",\"width\":300,\"height\":51,\"caption\":\"admin\"},\"logo\":{\"@id\":\"https:\/\/yusufyalniz.com\/#\/schema\/person\/image\/\"},\"sameAs\":[\"https:\/\/yusufyalniz.com\"],\"url\":\"https:\/\/yusufyalniz.com\/index.php\/author\/adminyusufyalniz-com\/\"}]}<\/script>\n<!-- \/ Yoast SEO plugin. -->","yoast_head_json":{"title":"Sosyal Belediyecilik - Dr. Yusuf Yaln\u0131z","description":"Dr. Yusuf Yaln\u0131z","robots":{"index":"index","follow":"follow","max-snippet":"max-snippet:-1","max-image-preview":"max-image-preview:large","max-video-preview":"max-video-preview:-1"},"canonical":"https:\/\/yusufyalniz.com\/index.php\/2025\/03\/16\/sosyal-belediyecilik\/","og_locale":"tr_TR","og_type":"article","og_title":"Sosyal Belediyecilik - Dr. Yusuf Yaln\u0131z","og_description":"Dr. Yusuf Yaln\u0131z","og_url":"https:\/\/yusufyalniz.com\/index.php\/2025\/03\/16\/sosyal-belediyecilik\/","og_site_name":"Dr. Yusuf Yaln\u0131z","article_published_time":"2025-03-16T20:16:53+00:00","article_modified_time":"2025-03-25T19:15:35+00:00","og_image":[{"width":1200,"height":675,"url":"https:\/\/yusufyalniz.com\/wp-content\/uploads\/2025\/03\/sosyal-1.png","type":"image\/png"}],"author":"admin","twitter_card":"summary_large_image","twitter_misc":{"Yazan:":"admin","Tahmini okuma s\u00fcresi":"2 dakika"},"schema":{"@context":"https:\/\/schema.org","@graph":[{"@type":"Article","@id":"https:\/\/yusufyalniz.com\/index.php\/2025\/03\/16\/sosyal-belediyecilik\/#article","isPartOf":{"@id":"https:\/\/yusufyalniz.com\/index.php\/2025\/03\/16\/sosyal-belediyecilik\/"},"author":{"name":"admin","@id":"https:\/\/yusufyalniz.com\/#\/schema\/person\/40cef4e5edcfd7bd607d695c4776b35c"},"headline":"Sosyal Belediyecilik","datePublished":"2025-03-16T20:16:53+00:00","dateModified":"2025-03-25T19:15:35+00:00","mainEntityOfPage":{"@id":"https:\/\/yusufyalniz.com\/index.php\/2025\/03\/16\/sosyal-belediyecilik\/"},"wordCount":198,"publisher":{"@id":"https:\/\/yusufyalniz.com\/#\/schema\/person\/40cef4e5edcfd7bd607d695c4776b35c"},"image":{"@id":"https:\/\/yusufyalniz.com\/index.php\/2025\/03\/16\/sosyal-belediyecilik\/#primaryimage"},"thumbnailUrl":"https:\/\/yusufyalniz.com\/wp-content\/uploads\/2025\/03\/sosyal-1-1024x576.png","articleSection":["makale"],"inLanguage":"tr"},{"@type":"WebPage","@id":"https:\/\/yusufyalniz.com\/index.php\/2025\/03\/16\/sosyal-belediyecilik\/","url":"https:\/\/yusufyalniz.com\/index.php\/2025\/03\/16\/sosyal-belediyecilik\/","name":"Sosyal Belediyecilik - Dr. Yusuf Yaln\u0131z","isPartOf":{"@id":"https:\/\/yusufyalniz.com\/#website"},"primaryImageOfPage":{"@id":"https:\/\/yusufyalniz.com\/index.php\/2025\/03\/16\/sosyal-belediyecilik\/#primaryimage"},"image":{"@id":"https:\/\/yusufyalniz.com\/index.php\/2025\/03\/16\/sosyal-belediyecilik\/#primaryimage"},"thumbnailUrl":"https:\/\/yusufyalniz.com\/wp-content\/uploads\/2025\/03\/sosyal-1-1024x576.png","datePublished":"2025-03-16T20:16:53+00:00","dateModified":"2025-03-25T19:15:35+00:00","description":"Dr. Yusuf Yaln\u0131z","breadcrumb":{"@id":"https:\/\/yusufyalniz.com\/index.php\/2025\/03\/16\/sosyal-belediyecilik\/#breadcrumb"},"inLanguage":"tr","potentialAction":[{"@type":"ReadAction","target":["https:\/\/yusufyalniz.com\/index.php\/2025\/03\/16\/sosyal-belediyecilik\/"]}]},{"@type":"ImageObject","inLanguage":"tr","@id":"https:\/\/yusufyalniz.com\/index.php\/2025\/03\/16\/sosyal-belediyecilik\/#primaryimage","url":"https:\/\/yusufyalniz.com\/wp-content\/uploads\/2025\/03\/sosyal-1.png","contentUrl":"https:\/\/yusufyalniz.com\/wp-content\/uploads\/2025\/03\/sosyal-1.png","width":1200,"height":675},{"@type":"BreadcrumbList","@id":"https:\/\/yusufyalniz.com\/index.php\/2025\/03\/16\/sosyal-belediyecilik\/#breadcrumb","itemListElement":[{"@type":"ListItem","position":1,"name":"Anasayfa","item":"https:\/\/yusufyalniz.com\/"},{"@type":"ListItem","position":2,"name":"Sosyal Belediyecilik"}]},{"@type":"WebSite","@id":"https:\/\/yusufyalniz.com\/#website","url":"https:\/\/yusufyalniz.com\/","name":"Dr. Yusuf Yaln\u0131z","description":"Yerel Y\u00f6netim Uzman\u0131","publisher":{"@id":"https:\/\/yusufyalniz.com\/#\/schema\/person\/40cef4e5edcfd7bd607d695c4776b35c"},"alternateName":"Yusuf Yaln\u0131z","potentialAction":[{"@type":"SearchAction","target":{"@type":"EntryPoint","urlTemplate":"https:\/\/yusufyalniz.com\/?s={search_term_string}"},"query-input":{"@type":"PropertyValueSpecification","valueRequired":true,"valueName":"search_term_string"}}],"inLanguage":"tr"},{"@type":["Person","Organization"],"@id":"https:\/\/yusufyalniz.com\/#\/schema\/person\/40cef4e5edcfd7bd607d695c4776b35c","name":"admin","image":{"@type":"ImageObject","inLanguage":"tr","@id":"https:\/\/yusufyalniz.com\/#\/schema\/person\/image\/","url":"https:\/\/yusufyalniz.com\/wp-content\/uploads\/2025\/02\/dryusufyalnizlogo-1.png","contentUrl":"https:\/\/yusufyalniz.com\/wp-content\/uploads\/2025\/02\/dryusufyalnizlogo-1.png","width":300,"height":51,"caption":"admin"},"logo":{"@id":"https:\/\/yusufyalniz.com\/#\/schema\/person\/image\/"},"sameAs":["https:\/\/yusufyalniz.com"],"url":"https:\/\/yusufyalniz.com\/index.php\/author\/adminyusufyalniz-com\/"}]}},"jetpack_featured_media_url":"","_links":{"self":[{"href":"https:\/\/yusufyalniz.com\/index.php\/wp-json\/wp\/v2\/posts\/489","targetHints":{"allow":["GET"]}}],"collection":[{"href":"https:\/\/yusufyalniz.com\/index.php\/wp-json\/wp\/v2\/posts"}],"about":[{"href":"https:\/\/yusufyalniz.com\/index.php\/wp-json\/wp\/v2\/types\/post"}],"author":[{"embeddable":true,"href":"https:\/\/yusufyalniz.com\/index.php\/wp-json\/wp\/v2\/users\/1"}],"replies":[{"embeddable":true,"href":"https:\/\/yusufyalniz.com\/index.php\/wp-json\/wp\/v2\/comments?post=489"}],"version-history":[{"count":3,"href":"https:\/\/yusufyalniz.com\/index.php\/wp-json\/wp\/v2\/posts\/489\/revisions"}],"predecessor-version":[{"id":832,"href":"https:\/\/yusufyalniz.com\/index.php\/wp-json\/wp\/v2\/posts\/489\/revisions\/832"}],"wp:attachment":[{"href":"https:\/\/yusufyalniz.com\/index.php\/wp-json\/wp\/v2\/media?parent=489"}],"wp:term":[{"taxonomy":"category","embeddable":true,"href":"https:\/\/yusufyalniz.com\/index.php\/wp-json\/wp\/v2\/categories?post=489"},{"taxonomy":"post_tag","embeddable":true,"href":"https:\/\/yusufyalniz.com\/index.php\/wp-json\/wp\/v2\/tags?post=489"}],"curies":[{"name":"wp","href":"https:\/\/api.w.org\/{rel}","templated":true}]}}